{"id":4718,"date":"2022-05-04T16:45:06","date_gmt":"2022-05-04T13:45:06","guid":{"rendered":"https:\/\/tudors.academy\/licencia-deal-para-profesores-de-idiomas\/"},"modified":"2022-08-28T22:28:49","modified_gmt":"2022-08-28T19:28:49","slug":"licencia-deal-para-profesores-de-idiomas","status":"publish","type":"post","link":"https:\/\/tudors.academy\/es\/licencia-deal-para-profesores-de-idiomas\/","title":{"rendered":"Licencia DEAL para profesores de idiomas"},"content":{"rendered":"\t\t<div data-elementor-type=\"wp-post\" data-elementor-id=\"4718\" class=\"elementor elementor-4718 elementor-3723\" data-elementor-post-type=\"post\">\n\t\t\t\t\t\t<section class=\"elementor-section elementor-top-section elementor-element elementor-element-20d10f5 elementor-section-full_width elementor-section-height-default elementor-section-height-default\" data-id=\"20d10f5\" data-element_type=\"section\" data-e-type=\"section\">\n\t\t\t\t\t\t<div class=\"elementor-container elementor-column-gap-default\">\n\t\t\t\t\t<div class=\"elementor-column elementor-col-100 elementor-top-column elementor-element elementor-element-f57f083\" data-id=\"f57f083\" data-element_type=\"column\" data-e-type=\"column\">\n\t\t\t<div class=\"elementor-widget-wrap elementor-element-populated\">\n\t\t\t\t\t\t<div class=\"elementor-element elementor-element-f47378f elementor-widget elementor-widget-text-editor\" data-id=\"f47378f\" data-element_type=\"widget\" data-e-type=\"widget\" data-widget_type=\"text-editor.default\">\n\t\t\t\t<div class=\"elementor-widget-container\">\n\t\t\t\t\t\t\t\t\t<strong>Pa\u00eds estudiado<\/strong>: Italia\t\t\t\t\t\t\t\t<\/div>\n\t\t\t\t<\/div>\n\t\t\t\t<div class=\"elementor-element elementor-element-d69bffb elementor-widget elementor-widget-text-editor\" data-id=\"d69bffb\" data-element_type=\"widget\" data-e-type=\"widget\" data-widget_type=\"text-editor.default\">\n\t\t\t\t<div class=\"elementor-widget-container\">\n\t\t\t\t\t\t\t\t\t&nbsp;\t\t\t\t\t\t\t\t<\/div>\n\t\t\t\t<\/div>\n\t\t\t\t<div class=\"elementor-element elementor-element-2b7849f elementor-widget elementor-widget-accordion\" data-id=\"2b7849f\" data-element_type=\"widget\" data-e-type=\"widget\" data-widget_type=\"accordion.default\">\n\t\t\t\t<div class=\"elementor-widget-container\">\n\t\t\t\t\t\t\t<div class=\"elementor-accordion\">\n\t\t\t\t\t\t\t<div class=\"elementor-accordion-item\">\n\t\t\t\t\t<div id=\"elementor-tab-title-4551\" class=\"elementor-tab-title\" data-tab=\"1\" role=\"button\" aria-controls=\"elementor-tab-content-4551\" aria-expanded=\"false\">\n\t\t\t\t\t\t\t\t\t\t\t\t\t<span class=\"elementor-accordion-icon elementor-accordion-icon-left\" aria-hidden=\"true\">\n\t\t\t\t\t\t\t\t\t\t\t\t\t\t\t<span class=\"elementor-accordion-icon-closed\"><i class=\"fas fa-plus\"><\/i><\/span>\n\t\t\t\t\t\t\t\t<span class=\"elementor-accordion-icon-opened\"><i class=\"fas fa-minus\"><\/i><\/span>\n\t\t\t\t\t\t\t\t\t\t\t\t\t\t<\/span>\n\t\t\t\t\t\t\t\t\t\t\t\t<a class=\"elementor-accordion-title\" tabindex=\"0\">Breve descripci\u00f3n de las buenas pr\u00e1cticas.<\/a>\n\t\t\t\t\t<\/div>\n\t\t\t\t\t<div id=\"elementor-tab-content-4551\" class=\"elementor-tab-content elementor-clearfix\" data-tab=\"1\" role=\"region\" aria-labelledby=\"elementor-tab-title-4551\"><p style=\"text-align: justify;\">El carn\u00e9 de profesor de idiomas \u00abapto para la dislexia\u00bb lo expide la Asociaci\u00f3n Italiana de Dislexia (AID), en colaboraci\u00f3n con el Grupo de Investigaci\u00f3n DEAL de la Universidad Ca &#8216;Foscari de Venecia.<\/p>\r\n<p style=\"text-align: justify;\">La licencia est\u00e1 concebida como un documento que certifica que el profesor de idiomas tiene conocimientos te\u00f3ricos y pr\u00e1cticos sobre la ense\u00f1anza de idiomas a alumnos con dificultades de aprendizaje espec\u00edficas. El carnet se expide tras superar una prueba online que sirve para comprobar el conocimiento del marco legislativo y de los conceptos clave de la inclusividad-accesibilidad en la ense\u00f1anza de idiomas, as\u00ed como las habilidades pr\u00e1cticas para analizar y trabajar sobre materiales ling\u00fc\u00edsticos y, en general, para dise\u00f1ar intervenciones did\u00e1cticas en cumplimiento de los principios de inclusividad-accesibilidad.<\/p><\/div>\n\t\t\t\t<\/div>\n\t\t\t\t\t\t\t<div class=\"elementor-accordion-item\">\n\t\t\t\t\t<div id=\"elementor-tab-title-4552\" class=\"elementor-tab-title\" data-tab=\"2\" role=\"button\" aria-controls=\"elementor-tab-content-4552\" aria-expanded=\"false\">\n\t\t\t\t\t\t\t\t\t\t\t\t\t<span class=\"elementor-accordion-icon elementor-accordion-icon-left\" aria-hidden=\"true\">\n\t\t\t\t\t\t\t\t\t\t\t\t\t\t\t<span class=\"elementor-accordion-icon-closed\"><i class=\"fas fa-plus\"><\/i><\/span>\n\t\t\t\t\t\t\t\t<span class=\"elementor-accordion-icon-opened\"><i class=\"fas fa-minus\"><\/i><\/span>\n\t\t\t\t\t\t\t\t\t\t\t\t\t\t<\/span>\n\t\t\t\t\t\t\t\t\t\t\t\t<a class=\"elementor-accordion-title\" tabindex=\"0\">Tipo de entorno en el que se aplican las buenas pr\u00e1cticas.<\/a>\n\t\t\t\t\t<\/div>\n\t\t\t\t\t<div id=\"elementor-tab-content-4552\" class=\"elementor-tab-content elementor-clearfix\" data-tab=\"2\" role=\"region\" aria-labelledby=\"elementor-tab-title-4552\"><p style=\"text-align: justify;\">Se trata de una certificaci\u00f3n que se expide a los profesores de idiomas, independientemente del nivel o niveles educativos de los que se ocupen. Actualmente el material del curso est\u00e1 disponible en l\u00ednea y la prueba, que consta de 3 partes (marco legislativo, parte te\u00f3rica y pr\u00e1ctica), se realiza en l\u00ednea, a trav\u00e9s de un formulario.<\/p><\/div>\n\t\t\t\t<\/div>\n\t\t\t\t\t\t\t<div class=\"elementor-accordion-item\">\n\t\t\t\t\t<div id=\"elementor-tab-title-4553\" class=\"elementor-tab-title\" data-tab=\"3\" role=\"button\" aria-controls=\"elementor-tab-content-4553\" aria-expanded=\"false\">\n\t\t\t\t\t\t\t\t\t\t\t\t\t<span class=\"elementor-accordion-icon elementor-accordion-icon-left\" aria-hidden=\"true\">\n\t\t\t\t\t\t\t\t\t\t\t\t\t\t\t<span class=\"elementor-accordion-icon-closed\"><i class=\"fas fa-plus\"><\/i><\/span>\n\t\t\t\t\t\t\t\t<span class=\"elementor-accordion-icon-opened\"><i class=\"fas fa-minus\"><\/i><\/span>\n\t\t\t\t\t\t\t\t\t\t\t\t\t\t<\/span>\n\t\t\t\t\t\t\t\t\t\t\t\t<a class=\"elementor-accordion-title\" tabindex=\"0\">Plazo de entrega de las buenas pr\u00e1cticas<\/a>\n\t\t\t\t\t<\/div>\n\t\t\t\t\t<div id=\"elementor-tab-content-4553\" class=\"elementor-tab-content elementor-clearfix\" data-tab=\"3\" role=\"region\" aria-labelledby=\"elementor-tab-title-4553\">El examen se realiza anualmente.\r\n\r\nLa parte de legislaci\u00f3n de la prueba se realiza en l\u00ednea.\r\n\r\nLa segunda parte, relativa a la ense\u00f1anza de idiomas, se realiza tambi\u00e9n en l\u00ednea, seg\u00fan este calendario:\r\n\r\nParte te\u00f3rica: test online, 45 minutos para completarlo.\r\n\r\nParte pr\u00e1ctica: 3 horas para responder a las preguntas y entregar el documento de referencia por correo electr\u00f3nico.<\/div>\n\t\t\t\t<\/div>\n\t\t\t\t\t\t\t<div class=\"elementor-accordion-item\">\n\t\t\t\t\t<div id=\"elementor-tab-title-4554\" class=\"elementor-tab-title\" data-tab=\"4\" role=\"button\" aria-controls=\"elementor-tab-content-4554\" aria-expanded=\"false\">\n\t\t\t\t\t\t\t\t\t\t\t\t\t<span class=\"elementor-accordion-icon elementor-accordion-icon-left\" aria-hidden=\"true\">\n\t\t\t\t\t\t\t\t\t\t\t\t\t\t\t<span class=\"elementor-accordion-icon-closed\"><i class=\"fas fa-plus\"><\/i><\/span>\n\t\t\t\t\t\t\t\t<span class=\"elementor-accordion-icon-opened\"><i class=\"fas fa-minus\"><\/i><\/span>\n\t\t\t\t\t\t\t\t\t\t\t\t\t\t<\/span>\n\t\t\t\t\t\t\t\t\t\t\t\t<a class=\"elementor-accordion-title\" tabindex=\"0\">Tipo de alumnado al que se apoya en las buenas pr\u00e1cticas.<\/a>\n\t\t\t\t\t<\/div>\n\t\t\t\t\t<div id=\"elementor-tab-content-4554\" class=\"elementor-tab-content elementor-clearfix\" data-tab=\"4\" role=\"region\" aria-labelledby=\"elementor-tab-title-4554\"><p style=\"text-align: justify;\">Las buenas pr\u00e1cticas se dirigen a los profesores que pretenden apoyar a las personas con dificultades espec\u00edficas en el aprendizaje de idiomas y, en particular, a todos aquellos que quieran convertirse en tutores de AID.<\/p><\/div>\n\t\t\t\t<\/div>\n\t\t\t\t\t\t\t<div class=\"elementor-accordion-item\">\n\t\t\t\t\t<div id=\"elementor-tab-title-4555\" class=\"elementor-tab-title\" data-tab=\"5\" role=\"button\" aria-controls=\"elementor-tab-content-4555\" aria-expanded=\"false\">\n\t\t\t\t\t\t\t\t\t\t\t\t\t<span class=\"elementor-accordion-icon elementor-accordion-icon-left\" aria-hidden=\"true\">\n\t\t\t\t\t\t\t\t\t\t\t\t\t\t\t<span class=\"elementor-accordion-icon-closed\"><i class=\"fas fa-plus\"><\/i><\/span>\n\t\t\t\t\t\t\t\t<span class=\"elementor-accordion-icon-opened\"><i class=\"fas fa-minus\"><\/i><\/span>\n\t\t\t\t\t\t\t\t\t\t\t\t\t\t<\/span>\n\t\t\t\t\t\t\t\t\t\t\t\t<a class=\"elementor-accordion-title\" tabindex=\"0\">\u00bfForman parte de una evaluaci\u00f3n general las buenas pr\u00e1cticas?<\/a>\n\t\t\t\t\t<\/div>\n\t\t\t\t\t<div id=\"elementor-tab-content-4555\" class=\"elementor-tab-content elementor-clearfix\" data-tab=\"5\" role=\"region\" aria-labelledby=\"elementor-tab-title-4555\"><p style=\"text-align: justify;\">La pr\u00e1ctica es una certificaci\u00f3n de conocimientos y habilidades, y la evaluaci\u00f3n se basa en una prueba en l\u00ednea que incluye dos partes diferentes:<\/p>\r\n\r\n<ul style=\"text-align: justify;\">\r\n \t<li>Primera parte: legislaci\u00f3n<\/li>\r\n<\/ul>\r\n<p style=\"text-align: justify;\">La primera parte de la prueba se centra en el marco legislativo relativo a la ense\u00f1anza de los alumnos con DLV en la escuela italiana. Para superar esta parte de la prueba, el candidato debe responder correctamente al menos al 70% de las preguntas.<\/p>\r\n\r\n<ul style=\"text-align: justify;\">\r\n \t<li>Segunda parte: ense\u00f1anza de idiomas<\/li>\r\n<\/ul>\r\n<p style=\"text-align: justify;\">Esta segunda parte se centra en la ense\u00f1anza de idiomas a alumnos con dificultades de aprendizaje espec\u00edficas. S\u00f3lo los candidatos que hayan superado la primera parte de la prueba pueden acceder a \u00e9sta. Esta segunda parte se divide en dos subpartes: una te\u00f3rica y otra pr\u00e1ctica<\/p><\/div>\n\t\t\t\t<\/div>\n\t\t\t\t\t\t\t<div class=\"elementor-accordion-item\">\n\t\t\t\t\t<div id=\"elementor-tab-title-4556\" class=\"elementor-tab-title\" data-tab=\"6\" role=\"button\" aria-controls=\"elementor-tab-content-4556\" aria-expanded=\"false\">\n\t\t\t\t\t\t\t\t\t\t\t\t\t<span class=\"elementor-accordion-icon elementor-accordion-icon-left\" aria-hidden=\"true\">\n\t\t\t\t\t\t\t\t\t\t\t\t\t\t\t<span class=\"elementor-accordion-icon-closed\"><i class=\"fas fa-plus\"><\/i><\/span>\n\t\t\t\t\t\t\t\t<span class=\"elementor-accordion-icon-opened\"><i class=\"fas fa-minus\"><\/i><\/span>\n\t\t\t\t\t\t\t\t\t\t\t\t\t\t<\/span>\n\t\t\t\t\t\t\t\t\t\t\t\t<a class=\"elementor-accordion-title\" tabindex=\"0\">Recursos utilizados en el contexto de las buenas pr\u00e1cticas<\/a>\n\t\t\t\t\t<\/div>\n\t\t\t\t\t<div id=\"elementor-tab-content-4556\" class=\"elementor-tab-content elementor-clearfix\" data-tab=\"6\" role=\"region\" aria-labelledby=\"elementor-tab-title-4556\">La plataforma en l\u00ednea de la licencia DEAL incluye los materiales de estudio y el alojamiento de los candidatos para realizar la prueba <a href=\"http:\/\/www.gruppodeal.it\/patentino\" target=\"_blank\" rel=\"noopener\">www.gruppodeal.it\/patentino<\/a><\/div>\n\t\t\t\t<\/div>\n\t\t\t\t\t\t\t<div class=\"elementor-accordion-item\">\n\t\t\t\t\t<div id=\"elementor-tab-title-4557\" class=\"elementor-tab-title\" data-tab=\"7\" role=\"button\" aria-controls=\"elementor-tab-content-4557\" aria-expanded=\"false\">\n\t\t\t\t\t\t\t\t\t\t\t\t\t<span class=\"elementor-accordion-icon elementor-accordion-icon-left\" aria-hidden=\"true\">\n\t\t\t\t\t\t\t\t\t\t\t\t\t\t\t<span class=\"elementor-accordion-icon-closed\"><i class=\"fas fa-plus\"><\/i><\/span>\n\t\t\t\t\t\t\t\t<span class=\"elementor-accordion-icon-opened\"><i class=\"fas fa-minus\"><\/i><\/span>\n\t\t\t\t\t\t\t\t\t\t\t\t\t\t<\/span>\n\t\t\t\t\t\t\t\t\t\t\t\t<a class=\"elementor-accordion-title\" tabindex=\"0\">Fines y objetivos de las buenas pr\u00e1cticas<\/a>\n\t\t\t\t\t<\/div>\n\t\t\t\t\t<div id=\"elementor-tab-content-4557\" class=\"elementor-tab-content elementor-clearfix\" data-tab=\"7\" role=\"region\" aria-labelledby=\"elementor-tab-title-4557\"><p style=\"text-align: justify;\">Esta licencia DEAL se concibe como un documento que certifica que el profesor tiene conocimientos y habilidades espec\u00edficas sobre la ense\u00f1anza de idiomas (lengua materna, extranjera, segunda lengua o cl\u00e1sica) a los estudiantes con dificultades de aprendizaje espec\u00edficas.<\/p><\/div>\n\t\t\t\t<\/div>\n\t\t\t\t\t\t\t<div class=\"elementor-accordion-item\">\n\t\t\t\t\t<div id=\"elementor-tab-title-4558\" class=\"elementor-tab-title\" data-tab=\"8\" role=\"button\" aria-controls=\"elementor-tab-content-4558\" aria-expanded=\"false\">\n\t\t\t\t\t\t\t\t\t\t\t\t\t<span class=\"elementor-accordion-icon elementor-accordion-icon-left\" aria-hidden=\"true\">\n\t\t\t\t\t\t\t\t\t\t\t\t\t\t\t<span class=\"elementor-accordion-icon-closed\"><i class=\"fas fa-plus\"><\/i><\/span>\n\t\t\t\t\t\t\t\t<span class=\"elementor-accordion-icon-opened\"><i class=\"fas fa-minus\"><\/i><\/span>\n\t\t\t\t\t\t\t\t\t\t\t\t\t\t<\/span>\n\t\t\t\t\t\t\t\t\t\t\t\t<a class=\"elementor-accordion-title\" tabindex=\"0\">Pruebas de por qu\u00e9 se considera una buena pr\u00e1ctica<\/a>\n\t\t\t\t\t<\/div>\n\t\t\t\t\t<div id=\"elementor-tab-content-4558\" class=\"elementor-tab-content elementor-clearfix\" data-tab=\"8\" role=\"region\" aria-labelledby=\"elementor-tab-title-4558\"><p style=\"text-align: justify;\">El grupo DEAL forma parte del Centro de Investigaci\u00f3n y Did\u00e1ctica de las Lenguas (CRDL, en ingl\u00e9s) que se ocupa de la investigaci\u00f3n en los campos de la educaci\u00f3n y la pol\u00edtica ling\u00fc\u00edstica, la ense\u00f1anza de lenguas extranjeras y la comunicaci\u00f3n intercultural. El Centro aplica esta investigaci\u00f3n a la formaci\u00f3n de profesores, a la elaboraci\u00f3n de planes de estudio y materiales did\u00e1cticos, al asesoramiento de organismos, centros y empresas que se ocupan de la ense\u00f1anza de idiomas.<\/p><\/div>\n\t\t\t\t<\/div>\n\t\t\t\t\t\t\t<div class=\"elementor-accordion-item\">\n\t\t\t\t\t<div id=\"elementor-tab-title-4559\" class=\"elementor-tab-title\" data-tab=\"9\" role=\"button\" aria-controls=\"elementor-tab-content-4559\" aria-expanded=\"false\">\n\t\t\t\t\t\t\t\t\t\t\t\t\t<span class=\"elementor-accordion-icon elementor-accordion-icon-left\" aria-hidden=\"true\">\n\t\t\t\t\t\t\t\t\t\t\t\t\t\t\t<span class=\"elementor-accordion-icon-closed\"><i class=\"fas fa-plus\"><\/i><\/span>\n\t\t\t\t\t\t\t\t<span class=\"elementor-accordion-icon-opened\"><i class=\"fas fa-minus\"><\/i><\/span>\n\t\t\t\t\t\t\t\t\t\t\t\t\t\t<\/span>\n\t\t\t\t\t\t\t\t\t\t\t\t<a class=\"elementor-accordion-title\" tabindex=\"0\">3 principios de aprendizaje clave que se utilizaron en esta Buena Pr\u00e1ctica para apoyar a los alumnos con dificultades de aprendizaje<\/a>\n\t\t\t\t\t<\/div>\n\t\t\t\t\t<div id=\"elementor-tab-content-4559\" class=\"elementor-tab-content elementor-clearfix\" data-tab=\"9\" role=\"region\" aria-labelledby=\"elementor-tab-title-4559\"><ul>\r\n \t<li>Evaluaci\u00f3n y certificaci\u00f3n de competencias<\/li>\r\n \t<li>Ense\u00f1anza inclusiva<\/li>\r\n \t<li>Estilos de aprendizaje<\/li>\r\n \t<li>Adaptaci\u00f3n de enfoques y metodolog\u00edas de aprendizaje<\/li>\r\n<\/ul><\/div>\n\t\t\t\t<\/div>\n\t\t\t\t\t\t\t<div class=\"elementor-accordion-item\">\n\t\t\t\t\t<div id=\"elementor-tab-title-45510\" class=\"elementor-tab-title\" data-tab=\"10\" role=\"button\" aria-controls=\"elementor-tab-content-45510\" aria-expanded=\"false\">\n\t\t\t\t\t\t\t\t\t\t\t\t\t<span class=\"elementor-accordion-icon elementor-accordion-icon-left\" aria-hidden=\"true\">\n\t\t\t\t\t\t\t\t\t\t\t\t\t\t\t<span class=\"elementor-accordion-icon-closed\"><i class=\"fas fa-plus\"><\/i><\/span>\n\t\t\t\t\t\t\t\t<span class=\"elementor-accordion-icon-opened\"><i class=\"fas fa-minus\"><\/i><\/span>\n\t\t\t\t\t\t\t\t\t\t\t\t\t\t<\/span>\n\t\t\t\t\t\t\t\t\t\t\t\t<a class=\"elementor-accordion-title\" tabindex=\"0\">Cualquier aprendizaje adicional que podamos extraer de este ejemplo de Buena Pr\u00e1ctica<\/a>\n\t\t\t\t\t<\/div>\n\t\t\t\t\t<div id=\"elementor-tab-content-45510\" class=\"elementor-tab-content elementor-clearfix\" data-tab=\"10\" role=\"region\" aria-labelledby=\"elementor-tab-title-45510\"><p style=\"text-align: justify;\">Podr\u00eda ser \u00fatil que los profesores reflexionaran sobre sus competencias para la ense\u00f1anza de idiomas a personas adultas con dificultades de aprendizaje espec\u00edficas y que las validaran, tanto para capacitar a los profesores como para que fueran m\u00e1s conscientes de sus necesidades de competencias adicionales.<\/p><\/div>\n\t\t\t\t<\/div>\n\t\t\t\t\t\t\t<div class=\"elementor-accordion-item\">\n\t\t\t\t\t<div id=\"elementor-tab-title-45511\" class=\"elementor-tab-title\" data-tab=\"11\" role=\"button\" aria-controls=\"elementor-tab-content-45511\" aria-expanded=\"false\">\n\t\t\t\t\t\t\t\t\t\t\t\t\t<span class=\"elementor-accordion-icon elementor-accordion-icon-left\" aria-hidden=\"true\">\n\t\t\t\t\t\t\t\t\t\t\t\t\t\t\t<span class=\"elementor-accordion-icon-closed\"><i class=\"fas fa-plus\"><\/i><\/span>\n\t\t\t\t\t\t\t\t<span class=\"elementor-accordion-icon-opened\"><i class=\"fas fa-minus\"><\/i><\/span>\n\t\t\t\t\t\t\t\t\t\t\t\t\t\t<\/span>\n\t\t\t\t\t\t\t\t\t\t\t\t<a class=\"elementor-accordion-title\" tabindex=\"0\">Informaci\u00f3n adicional<\/a>\n\t\t\t\t\t<\/div>\n\t\t\t\t\t<div id=\"elementor-tab-content-45511\" class=\"elementor-tab-content elementor-clearfix\" data-tab=\"11\" role=\"region\" aria-labelledby=\"elementor-tab-title-45511\">P\u00e1gina web del grupo DEAL &#8211; <a href=\"https:\/\/www.gruppodeal.it\/\" target=\"_blank\" rel=\"noopener\">https:\/\/www.gruppodeal.it\/<\/a><\/div>\n\t\t\t\t<\/div>\n\t\t\t\t\t\t\t\t<\/div>\n\t\t\t\t\t\t<\/div>\n\t\t\t\t<\/div>\n\t\t\t\t<div class=\"elementor-element elementor-element-3ba6b67 elementor-widget elementor-widget-spacer\" data-id=\"3ba6b67\" data-element_type=\"widget\" data-e-type=\"widget\" data-widget_type=\"spacer.default\">\n\t\t\t\t<div class=\"elementor-widget-container\">\n\t\t\t\t\t\t\t<div class=\"elementor-spacer\">\n\t\t\t<div class=\"elementor-spacer-inner\"><\/div>\n\t\t<\/div>\n\t\t\t\t\t\t<\/div>\n\t\t\t\t<\/div>\n\t\t\t\t\t<\/div>\n\t\t<\/div>\n\t\t\t\t\t<\/div>\n\t\t<\/section>\n\t\t\t\t<\/div>\n\t\t","protected":false},"excerpt":{"rendered":"<p>Pa\u00eds estudiado: Italia&nbsp; Breve descripci\u00f3n de las buenas pr\u00e1cticas. El carn\u00e9 de profesor de idiomas &#8220;apto para la dislexia&#8221; lo expide la Asociaci\u00f3n Italiana de&hellip;<\/p>\n","protected":false},"author":25,"featured_media":4003,"comment_status":"closed","ping_status":"closed","sticky":false,"template":"elementor_theme","format":"standard","meta":{"footnotes":""},"categories":[85],"tags":[],"class_list":["post-4718","post","type-post","status-publish","format-standard","has-post-thumbnail","hentry","category-italy",""],"_links":{"self":[{"href":"https:\/\/tudors.academy\/es\/wp-json\/wp\/v2\/posts\/4718","targetHints":{"allow":["GET"]}}],"collection":[{"href":"https:\/\/tudors.academy\/es\/wp-json\/wp\/v2\/posts"}],"about":[{"href":"https:\/\/tudors.academy\/es\/wp-json\/wp\/v2\/types\/post"}],"author":[{"embeddable":true,"href":"https:\/\/tudors.academy\/es\/wp-json\/wp\/v2\/users\/25"}],"replies":[{"embeddable":true,"href":"https:\/\/tudors.academy\/es\/wp-json\/wp\/v2\/comments?post=4718"}],"version-history":[{"count":0,"href":"https:\/\/tudors.academy\/es\/wp-json\/wp\/v2\/posts\/4718\/revisions"}],"wp:featuredmedia":[{"embeddable":true,"href":"https:\/\/tudors.academy\/es\/wp-json\/wp\/v2\/media\/4003"}],"wp:attachment":[{"href":"https:\/\/tudors.academy\/es\/wp-json\/wp\/v2\/media?parent=4718"}],"wp:term":[{"taxonomy":"category","embeddable":true,"href":"https:\/\/tudors.academy\/es\/wp-json\/wp\/v2\/categories?post=4718"},{"taxonomy":"post_tag","embeddable":true,"href":"https:\/\/tudors.academy\/es\/wp-json\/wp\/v2\/tags?post=4718"}],"curies":[{"name":"wp","href":"https:\/\/api.w.org\/{rel}","templated":true}]}}