{"id":4757,"date":"2022-05-05T12:36:22","date_gmt":"2022-05-05T09:36:22","guid":{"rendered":"https:\/\/tudors.academy\/apoyo-para-vivir-y-compartir-historias-de-adultos-con-da-asociacion-de-autismo-y-asperger-de-suecia\/"},"modified":"2022-08-28T22:20:44","modified_gmt":"2022-08-28T19:20:44","slug":"apoyo-para-vivir-y-compartir-historias-de-adultos-con-da-asociacion-de-autismo-y-asperger-de-suecia","status":"publish","type":"post","link":"https:\/\/tudors.academy\/es\/apoyo-para-vivir-y-compartir-historias-de-adultos-con-da-asociacion-de-autismo-y-asperger-de-suecia\/","title":{"rendered":"Apoyo para vivir y compartir historias de adultos con DA &#8211; Asociaci\u00f3n de Autismo y Asperger de Suecia"},"content":{"rendered":"\t\t<div data-elementor-type=\"wp-post\" data-elementor-id=\"4757\" class=\"elementor elementor-4757 elementor-3750\" data-elementor-post-type=\"post\">\n\t\t\t\t\t\t<section class=\"elementor-section elementor-top-section elementor-element elementor-element-20d10f5 elementor-section-full_width elementor-section-height-default elementor-section-height-default\" data-id=\"20d10f5\" data-element_type=\"section\" data-e-type=\"section\">\n\t\t\t\t\t\t<div class=\"elementor-container elementor-column-gap-default\">\n\t\t\t\t\t<div class=\"elementor-column elementor-col-100 elementor-top-column elementor-element elementor-element-f57f083\" data-id=\"f57f083\" data-element_type=\"column\" data-e-type=\"column\">\n\t\t\t<div class=\"elementor-widget-wrap elementor-element-populated\">\n\t\t\t\t\t\t<div class=\"elementor-element elementor-element-f47378f elementor-widget elementor-widget-text-editor\" data-id=\"f47378f\" data-element_type=\"widget\" data-e-type=\"widget\" data-widget_type=\"text-editor.default\">\n\t\t\t\t<div class=\"elementor-widget-container\">\n\t\t\t\t\t\t\t\t\t<p><strong>Pa\u00eds estudiado<\/strong>: Suecia<\/p>\t\t\t\t\t\t\t\t<\/div>\n\t\t\t\t<\/div>\n\t\t\t\t<div class=\"elementor-element elementor-element-d69bffb elementor-widget elementor-widget-text-editor\" data-id=\"d69bffb\" data-element_type=\"widget\" data-e-type=\"widget\" data-widget_type=\"text-editor.default\">\n\t\t\t\t<div class=\"elementor-widget-container\">\n\t\t\t\t\t\t\t\t\t<strong>\u00c1rea de inter\u00e9s<\/strong>: lenguaje, tecnolog\u00eda de asistencia, multisensorial\t\t\t\t\t\t\t\t<\/div>\n\t\t\t\t<\/div>\n\t\t\t\t<div class=\"elementor-element elementor-element-2b7849f elementor-widget elementor-widget-accordion\" data-id=\"2b7849f\" data-element_type=\"widget\" data-e-type=\"widget\" data-widget_type=\"accordion.default\">\n\t\t\t\t<div class=\"elementor-widget-container\">\n\t\t\t\t\t\t\t<div class=\"elementor-accordion\">\n\t\t\t\t\t\t\t<div class=\"elementor-accordion-item\">\n\t\t\t\t\t<div id=\"elementor-tab-title-4551\" class=\"elementor-tab-title\" data-tab=\"1\" role=\"button\" aria-controls=\"elementor-tab-content-4551\" aria-expanded=\"false\">\n\t\t\t\t\t\t\t\t\t\t\t\t\t<span class=\"elementor-accordion-icon elementor-accordion-icon-left\" aria-hidden=\"true\">\n\t\t\t\t\t\t\t\t\t\t\t\t\t\t\t<span class=\"elementor-accordion-icon-closed\"><i class=\"fas fa-plus\"><\/i><\/span>\n\t\t\t\t\t\t\t\t<span class=\"elementor-accordion-icon-opened\"><i class=\"fas fa-minus\"><\/i><\/span>\n\t\t\t\t\t\t\t\t\t\t\t\t\t\t<\/span>\n\t\t\t\t\t\t\t\t\t\t\t\t<a class=\"elementor-accordion-title\" tabindex=\"0\">Breve descripci\u00f3n de las buenas pr\u00e1cticas.<\/a>\n\t\t\t\t\t<\/div>\n\t\t\t\t\t<div id=\"elementor-tab-content-4551\" class=\"elementor-tab-content elementor-clearfix\" data-tab=\"1\" role=\"region\" aria-labelledby=\"elementor-tab-title-4551\"><p style=\"text-align: justify;\">La Asociaci\u00f3n de Autismo y Asperger de Suecia es una asociaci\u00f3n que crea programas para mejorar las condiciones de los ni\u00f1os, j\u00f3venes y adultos con dificultades de aprendizaje derivadas del trastorno del espectro autista. Trabajan activamente con el fin de influir en los pol\u00edticos, las autoridades y otra serie de organizaciones.<\/p>\r\n<p style=\"text-align: justify;\">El objetivo general es promover unas buenas condiciones de vida para las personas con autismo de todas las edades. El objetivo final consiste en acercarse lo m\u00e1ximo posible al bienestar mental, que es la base de un mejor proceso de aprendizaje.<\/p>\r\n<p style=\"text-align: justify;\">Compartiendo historias para lograr una vida con apoyo representa un movimiento dentro del campo de la discapacidad (intelectual y del desarrollo) que busca proporcionar servicios de apoyo en viviendas habituales a los adultos con discapacidad.<\/p><\/div>\n\t\t\t\t<\/div>\n\t\t\t\t\t\t\t<div class=\"elementor-accordion-item\">\n\t\t\t\t\t<div id=\"elementor-tab-title-4552\" class=\"elementor-tab-title\" data-tab=\"2\" role=\"button\" aria-controls=\"elementor-tab-content-4552\" aria-expanded=\"false\">\n\t\t\t\t\t\t\t\t\t\t\t\t\t<span class=\"elementor-accordion-icon elementor-accordion-icon-left\" aria-hidden=\"true\">\n\t\t\t\t\t\t\t\t\t\t\t\t\t\t\t<span class=\"elementor-accordion-icon-closed\"><i class=\"fas fa-plus\"><\/i><\/span>\n\t\t\t\t\t\t\t\t<span class=\"elementor-accordion-icon-opened\"><i class=\"fas fa-minus\"><\/i><\/span>\n\t\t\t\t\t\t\t\t\t\t\t\t\t\t<\/span>\n\t\t\t\t\t\t\t\t\t\t\t\t<a class=\"elementor-accordion-title\" tabindex=\"0\">Tipo de entorno en el que se aplican las buenas pr\u00e1cticas.<\/a>\n\t\t\t\t\t<\/div>\n\t\t\t\t\t<div id=\"elementor-tab-content-4552\" class=\"elementor-tab-content elementor-clearfix\" data-tab=\"2\" role=\"region\" aria-labelledby=\"elementor-tab-title-4552\"><p style=\"text-align: justify;\">Esta Asociaci\u00f3n trabaja de diversas maneras para mejorar las condiciones de vida de sus participantes, como, por ejemplo:<\/p>\r\n\r\n<ul>\r\n \t<li style=\"text-align: justify;\">Difundir informaci\u00f3n sobre el autismo para mejorar el conocimiento y la comprensi\u00f3n entre el p\u00fablico en general, las familias y los profesionales<\/li>\r\n \t<li style=\"text-align: justify;\">Trabajar por una formaci\u00f3n, unas condiciones residenciales y una ocupaci\u00f3n adaptadas<\/li>\r\n \t<li style=\"text-align: justify;\">Ofrecer oportunidades para que las personas con discapacidad, sus familias y el personal se re\u00fanan e intercambien conocimientos y experiencias<\/li>\r\n \t<li style=\"text-align: justify;\">Participar en la cooperaci\u00f3n internacional<\/li>\r\n \t<li style=\"text-align: justify;\">Seguir y dar sugerencias a la investigaci\u00f3n en este campo<\/li>\r\n<\/ul><\/div>\n\t\t\t\t<\/div>\n\t\t\t\t\t\t\t<div class=\"elementor-accordion-item\">\n\t\t\t\t\t<div id=\"elementor-tab-title-4553\" class=\"elementor-tab-title\" data-tab=\"3\" role=\"button\" aria-controls=\"elementor-tab-content-4553\" aria-expanded=\"false\">\n\t\t\t\t\t\t\t\t\t\t\t\t\t<span class=\"elementor-accordion-icon elementor-accordion-icon-left\" aria-hidden=\"true\">\n\t\t\t\t\t\t\t\t\t\t\t\t\t\t\t<span class=\"elementor-accordion-icon-closed\"><i class=\"fas fa-plus\"><\/i><\/span>\n\t\t\t\t\t\t\t\t<span class=\"elementor-accordion-icon-opened\"><i class=\"fas fa-minus\"><\/i><\/span>\n\t\t\t\t\t\t\t\t\t\t\t\t\t\t<\/span>\n\t\t\t\t\t\t\t\t\t\t\t\t<a class=\"elementor-accordion-title\" tabindex=\"0\">Plazo de entrega de las buenas pr\u00e1cticas<\/a>\n\t\t\t\t\t<\/div>\n\t\t\t\t\t<div id=\"elementor-tab-content-4553\" class=\"elementor-tab-content elementor-clearfix\" data-tab=\"3\" role=\"region\" aria-labelledby=\"elementor-tab-title-4553\"><p style=\"text-align: justify;\">Los servicios prestados pueden ser continuos para aquellas personas que los necesiten, pero tambi\u00e9n puntuales como servicios de vivienda\/asistencia.<\/p><\/div>\n\t\t\t\t<\/div>\n\t\t\t\t\t\t\t<div class=\"elementor-accordion-item\">\n\t\t\t\t\t<div id=\"elementor-tab-title-4554\" class=\"elementor-tab-title\" data-tab=\"4\" role=\"button\" aria-controls=\"elementor-tab-content-4554\" aria-expanded=\"false\">\n\t\t\t\t\t\t\t\t\t\t\t\t\t<span class=\"elementor-accordion-icon elementor-accordion-icon-left\" aria-hidden=\"true\">\n\t\t\t\t\t\t\t\t\t\t\t\t\t\t\t<span class=\"elementor-accordion-icon-closed\"><i class=\"fas fa-plus\"><\/i><\/span>\n\t\t\t\t\t\t\t\t<span class=\"elementor-accordion-icon-opened\"><i class=\"fas fa-minus\"><\/i><\/span>\n\t\t\t\t\t\t\t\t\t\t\t\t\t\t<\/span>\n\t\t\t\t\t\t\t\t\t\t\t\t<a class=\"elementor-accordion-title\" tabindex=\"0\">Tipo de alumnado al que se apoya en las buenas pr\u00e1cticas.<\/a>\n\t\t\t\t\t<\/div>\n\t\t\t\t\t<div id=\"elementor-tab-content-4554\" class=\"elementor-tab-content elementor-clearfix\" data-tab=\"4\" role=\"region\" aria-labelledby=\"elementor-tab-title-4554\"><p style=\"text-align: justify;\">El tipo de alumno al que se apoya es el de aprendizaje permanente, ya que comienza desde edades tempranas hasta el per\u00edodo adulto, y nunca se detiene.<\/p><\/div>\n\t\t\t\t<\/div>\n\t\t\t\t\t\t\t<div class=\"elementor-accordion-item\">\n\t\t\t\t\t<div id=\"elementor-tab-title-4555\" class=\"elementor-tab-title\" data-tab=\"5\" role=\"button\" aria-controls=\"elementor-tab-content-4555\" aria-expanded=\"false\">\n\t\t\t\t\t\t\t\t\t\t\t\t\t<span class=\"elementor-accordion-icon elementor-accordion-icon-left\" aria-hidden=\"true\">\n\t\t\t\t\t\t\t\t\t\t\t\t\t\t\t<span class=\"elementor-accordion-icon-closed\"><i class=\"fas fa-plus\"><\/i><\/span>\n\t\t\t\t\t\t\t\t<span class=\"elementor-accordion-icon-opened\"><i class=\"fas fa-minus\"><\/i><\/span>\n\t\t\t\t\t\t\t\t\t\t\t\t\t\t<\/span>\n\t\t\t\t\t\t\t\t\t\t\t\t<a class=\"elementor-accordion-title\" tabindex=\"0\">\u00bfForman parte de una evaluaci\u00f3n general las buenas pr\u00e1cticas?<\/a>\n\t\t\t\t\t<\/div>\n\t\t\t\t\t<div id=\"elementor-tab-content-4555\" class=\"elementor-tab-content elementor-clearfix\" data-tab=\"5\" role=\"region\" aria-labelledby=\"elementor-tab-title-4555\"><p style=\"text-align: justify;\">S\u00ed, la asociaci\u00f3n recibe como m\u00ednimo una vez al a\u00f1o los comentarios y opiniones de sus asociados que utilizan y aplican estas buenas pr\u00e1cticas.<\/p><\/div>\n\t\t\t\t<\/div>\n\t\t\t\t\t\t\t<div class=\"elementor-accordion-item\">\n\t\t\t\t\t<div id=\"elementor-tab-title-4556\" class=\"elementor-tab-title\" data-tab=\"6\" role=\"button\" aria-controls=\"elementor-tab-content-4556\" aria-expanded=\"false\">\n\t\t\t\t\t\t\t\t\t\t\t\t\t<span class=\"elementor-accordion-icon elementor-accordion-icon-left\" aria-hidden=\"true\">\n\t\t\t\t\t\t\t\t\t\t\t\t\t\t\t<span class=\"elementor-accordion-icon-closed\"><i class=\"fas fa-plus\"><\/i><\/span>\n\t\t\t\t\t\t\t\t<span class=\"elementor-accordion-icon-opened\"><i class=\"fas fa-minus\"><\/i><\/span>\n\t\t\t\t\t\t\t\t\t\t\t\t\t\t<\/span>\n\t\t\t\t\t\t\t\t\t\t\t\t<a class=\"elementor-accordion-title\" tabindex=\"0\">Recursos utilizados en el contexto de las buenas pr\u00e1cticas<\/a>\n\t\t\t\t\t<\/div>\n\t\t\t\t\t<div id=\"elementor-tab-content-4556\" class=\"elementor-tab-content elementor-clearfix\" data-tab=\"6\" role=\"region\" aria-labelledby=\"elementor-tab-title-4556\">Los principales recursos utilizados son:\r\n<ul>\r\n \t<li>Recursos humanos &#8211; investigadores;<\/li>\r\n \t<li>Recursos materiales<\/li>\r\n \t<li>Recursos financieros \u2013 relacionado con el recurso humano &#8211; formaci\u00f3n del personal cualificado para aplicar m\u00e9todos espec\u00edficos.<\/li>\r\n<\/ul><\/div>\n\t\t\t\t<\/div>\n\t\t\t\t\t\t\t<div class=\"elementor-accordion-item\">\n\t\t\t\t\t<div id=\"elementor-tab-title-4557\" class=\"elementor-tab-title\" data-tab=\"7\" role=\"button\" aria-controls=\"elementor-tab-content-4557\" aria-expanded=\"false\">\n\t\t\t\t\t\t\t\t\t\t\t\t\t<span class=\"elementor-accordion-icon elementor-accordion-icon-left\" aria-hidden=\"true\">\n\t\t\t\t\t\t\t\t\t\t\t\t\t\t\t<span class=\"elementor-accordion-icon-closed\"><i class=\"fas fa-plus\"><\/i><\/span>\n\t\t\t\t\t\t\t\t<span class=\"elementor-accordion-icon-opened\"><i class=\"fas fa-minus\"><\/i><\/span>\n\t\t\t\t\t\t\t\t\t\t\t\t\t\t<\/span>\n\t\t\t\t\t\t\t\t\t\t\t\t<a class=\"elementor-accordion-title\" tabindex=\"0\">Fines y objetivos de las buenas pr\u00e1cticas<\/a>\n\t\t\t\t\t<\/div>\n\t\t\t\t\t<div id=\"elementor-tab-content-4557\" class=\"elementor-tab-content elementor-clearfix\" data-tab=\"7\" role=\"region\" aria-labelledby=\"elementor-tab-title-4557\">Los objetivos de la Asociaci\u00f3n de Autismo y Asperger de Suecia son:\r\n<ul>\r\n \t<li>Difundir informaci\u00f3n y aumentar la comprensi\u00f3n de los trastornos del espectro autista y las metodolog\u00edas aplicadas, como por ejemplo compartir historias de vida<\/li>\r\n \t<li>Aplicar metodolog\u00edas de buenas pr\u00e1cticas para las personas con dificultades de aprendizaje.<\/li>\r\n \t<li>Esforzarse por conseguir una educaci\u00f3n, alojamiento, empleo y actividades de ocio adaptadas<\/li>\r\n \t<li>Crear contactos o redes entre las personas con autismo, sus familiares y los profesionales que trabajan en este campo<\/li>\r\n \t<li>Seguimiento y aportaci\u00f3n de ideas para la investigaci\u00f3n en este campo<\/li>\r\n \t<li>Participar en el trabajo internacional sobre este \u00e1mbito<\/li>\r\n<\/ul><\/div>\n\t\t\t\t<\/div>\n\t\t\t\t\t\t\t<div class=\"elementor-accordion-item\">\n\t\t\t\t\t<div id=\"elementor-tab-title-4558\" class=\"elementor-tab-title\" data-tab=\"8\" role=\"button\" aria-controls=\"elementor-tab-content-4558\" aria-expanded=\"false\">\n\t\t\t\t\t\t\t\t\t\t\t\t\t<span class=\"elementor-accordion-icon elementor-accordion-icon-left\" aria-hidden=\"true\">\n\t\t\t\t\t\t\t\t\t\t\t\t\t\t\t<span class=\"elementor-accordion-icon-closed\"><i class=\"fas fa-plus\"><\/i><\/span>\n\t\t\t\t\t\t\t\t<span class=\"elementor-accordion-icon-opened\"><i class=\"fas fa-minus\"><\/i><\/span>\n\t\t\t\t\t\t\t\t\t\t\t\t\t\t<\/span>\n\t\t\t\t\t\t\t\t\t\t\t\t<a class=\"elementor-accordion-title\" tabindex=\"0\">Pruebas de por qu\u00e9 se considera una buena pr\u00e1ctica<\/a>\n\t\t\t\t\t<\/div>\n\t\t\t\t\t<div id=\"elementor-tab-content-4558\" class=\"elementor-tab-content elementor-clearfix\" data-tab=\"8\" role=\"region\" aria-labelledby=\"elementor-tab-title-4558\">Apoyo para vivir y compartir historias de adultos con DA en el AUTISMO y ASPERGER, en la Asociaci\u00f3n de Autismo y Asperger en Suecia, se considera una buena pr\u00e1ctica ya que han conseguido resultados positivos, como, por ejemplo:\r\n<ul>\r\n \t<li>La integraci\u00f3n de los adultos con DA en la sociedad;<\/li>\r\n \t<li>El desarrollo de una comunicaci\u00f3n funcional;<\/li>\r\n \t<li>Esforzarse por conseguir una educaci\u00f3n, alojamiento, empleo y actividades de ocio adaptadas<\/li>\r\n \t<li>Crear contactos entre las personas con autismo, sus familiares y los profesionales que trabajan en este campo<\/li>\r\n \t<li>Seguimiento y aportaci\u00f3n de ideas para la investigaci\u00f3n en este \u00e1mbito<\/li>\r\n \t<li>Participar en el trabajo internacional en este \u00e1mbito<\/li>\r\n<\/ul><\/div>\n\t\t\t\t<\/div>\n\t\t\t\t\t\t\t<div class=\"elementor-accordion-item\">\n\t\t\t\t\t<div id=\"elementor-tab-title-4559\" class=\"elementor-tab-title\" data-tab=\"9\" role=\"button\" aria-controls=\"elementor-tab-content-4559\" aria-expanded=\"false\">\n\t\t\t\t\t\t\t\t\t\t\t\t\t<span class=\"elementor-accordion-icon elementor-accordion-icon-left\" aria-hidden=\"true\">\n\t\t\t\t\t\t\t\t\t\t\t\t\t\t\t<span class=\"elementor-accordion-icon-closed\"><i class=\"fas fa-plus\"><\/i><\/span>\n\t\t\t\t\t\t\t\t<span class=\"elementor-accordion-icon-opened\"><i class=\"fas fa-minus\"><\/i><\/span>\n\t\t\t\t\t\t\t\t\t\t\t\t\t\t<\/span>\n\t\t\t\t\t\t\t\t\t\t\t\t<a class=\"elementor-accordion-title\" tabindex=\"0\">3 principios de aprendizaje clave que se utilizaron en esta Buena Pr\u00e1ctica para apoyar a los alumnos con dificultades de aprendizaje<\/a>\n\t\t\t\t\t<\/div>\n\t\t\t\t\t<div id=\"elementor-tab-content-4559\" class=\"elementor-tab-content elementor-clearfix\" data-tab=\"9\" role=\"region\" aria-labelledby=\"elementor-tab-title-4559\">Integraci\u00f3n de los adultos con DA en la sociedad;\r\n\r\nLograr el bienestar mental, que es la base para un mejor proceso de aprendizaje y para una futura integraci\u00f3n en la sociedad (encontrar un trabajo, crear una familia).\r\n\r\nEl desarrollo de una comunicaci\u00f3n funcional;\r\n\r\nEsforzarse por conseguir una educaci\u00f3n, alojamiento, empleo y actividades de ocio adaptados\r\n\r\nCrear contactos entre las personas con autismo, sus familiares y los profesionales que trabajan en este campo\r\n\r\nSupervisar y aportar ideas para la investigaci\u00f3n en este \u00e1mbito.\r\n\r\nParticipar en el trabajo internacional dentro de campo.<\/div>\n\t\t\t\t<\/div>\n\t\t\t\t\t\t\t<div class=\"elementor-accordion-item\">\n\t\t\t\t\t<div id=\"elementor-tab-title-45510\" class=\"elementor-tab-title\" data-tab=\"10\" role=\"button\" aria-controls=\"elementor-tab-content-45510\" aria-expanded=\"false\">\n\t\t\t\t\t\t\t\t\t\t\t\t\t<span class=\"elementor-accordion-icon elementor-accordion-icon-left\" aria-hidden=\"true\">\n\t\t\t\t\t\t\t\t\t\t\t\t\t\t\t<span class=\"elementor-accordion-icon-closed\"><i class=\"fas fa-plus\"><\/i><\/span>\n\t\t\t\t\t\t\t\t<span class=\"elementor-accordion-icon-opened\"><i class=\"fas fa-minus\"><\/i><\/span>\n\t\t\t\t\t\t\t\t\t\t\t\t\t\t<\/span>\n\t\t\t\t\t\t\t\t\t\t\t\t<a class=\"elementor-accordion-title\" tabindex=\"0\">Cualquier aprendizaje adicional que podamos extraer de este ejemplo de Buena Pr\u00e1ctica<\/a>\n\t\t\t\t\t<\/div>\n\t\t\t\t\t<div id=\"elementor-tab-content-45510\" class=\"elementor-tab-content elementor-clearfix\" data-tab=\"10\" role=\"region\" aria-labelledby=\"elementor-tab-title-45510\"><p style=\"text-align: justify;\">Esta buena pr\u00e1ctica tambi\u00e9n puede utilizarse como herramienta exitosa para la ense\u00f1anza a los adultos con trastorno por d\u00e9ficit de atenci\u00f3n (TDAH), dislexia, trastorno del habla y otras variaciones funcionales. El adulto con DA ganar\u00e1 confianza y lo m\u00e1s importante -habilidades- para poder tener una vida plena y tomar conciencia de las cosas habituales como lo hace cualquier persona.<\/p><\/div>\n\t\t\t\t<\/div>\n\t\t\t\t\t\t\t<div class=\"elementor-accordion-item\">\n\t\t\t\t\t<div id=\"elementor-tab-title-45511\" class=\"elementor-tab-title\" data-tab=\"11\" role=\"button\" aria-controls=\"elementor-tab-content-45511\" aria-expanded=\"false\">\n\t\t\t\t\t\t\t\t\t\t\t\t\t<span class=\"elementor-accordion-icon elementor-accordion-icon-left\" aria-hidden=\"true\">\n\t\t\t\t\t\t\t\t\t\t\t\t\t\t\t<span class=\"elementor-accordion-icon-closed\"><i class=\"fas fa-plus\"><\/i><\/span>\n\t\t\t\t\t\t\t\t<span class=\"elementor-accordion-icon-opened\"><i class=\"fas fa-minus\"><\/i><\/span>\n\t\t\t\t\t\t\t\t\t\t\t\t\t\t<\/span>\n\t\t\t\t\t\t\t\t\t\t\t\t<a class=\"elementor-accordion-title\" tabindex=\"0\">Informaci\u00f3n adicional<\/a>\n\t\t\t\t\t<\/div>\n\t\t\t\t\t<div id=\"elementor-tab-content-45511\" class=\"elementor-tab-content elementor-clearfix\" data-tab=\"11\" role=\"region\" aria-labelledby=\"elementor-tab-title-45511\">Ninguna<\/div>\n\t\t\t\t<\/div>\n\t\t\t\t\t\t\t\t<\/div>\n\t\t\t\t\t\t<\/div>\n\t\t\t\t<\/div>\n\t\t\t\t<div class=\"elementor-element elementor-element-3ba6b67 elementor-widget elementor-widget-spacer\" data-id=\"3ba6b67\" data-element_type=\"widget\" data-e-type=\"widget\" data-widget_type=\"spacer.default\">\n\t\t\t\t<div class=\"elementor-widget-container\">\n\t\t\t\t\t\t\t<div class=\"elementor-spacer\">\n\t\t\t<div class=\"elementor-spacer-inner\"><\/div>\n\t\t<\/div>\n\t\t\t\t\t\t<\/div>\n\t\t\t\t<\/div>\n\t\t\t\t\t<\/div>\n\t\t<\/div>\n\t\t\t\t\t<\/div>\n\t\t<\/section>\n\t\t\t\t<\/div>\n\t\t","protected":false},"excerpt":{"rendered":"<p>Pa\u00eds estudiado: Suecia \u00c1rea de inter\u00e9s: lenguaje, tecnolog\u00eda de asistencia, multisensorial Breve descripci\u00f3n de las buenas pr\u00e1cticas. La Asociaci\u00f3n de Autismo y Asperger de Suecia&hellip;<\/p>\n","protected":false},"author":25,"featured_media":4003,"comment_status":"closed","ping_status":"closed","sticky":false,"template":"elementor_theme","format":"standard","meta":{"footnotes":""},"categories":[91],"tags":[],"class_list":["post-4757","post","type-post","status-publish","format-standard","has-post-thumbnail","hentry","category-sweden",""],"_links":{"self":[{"href":"https:\/\/tudors.academy\/es\/wp-json\/wp\/v2\/posts\/4757","targetHints":{"allow":["GET"]}}],"collection":[{"href":"https:\/\/tudors.academy\/es\/wp-json\/wp\/v2\/posts"}],"about":[{"href":"https:\/\/tudors.academy\/es\/wp-json\/wp\/v2\/types\/post"}],"author":[{"embeddable":true,"href":"https:\/\/tudors.academy\/es\/wp-json\/wp\/v2\/users\/25"}],"replies":[{"embeddable":true,"href":"https:\/\/tudors.academy\/es\/wp-json\/wp\/v2\/comments?post=4757"}],"version-history":[{"count":0,"href":"https:\/\/tudors.academy\/es\/wp-json\/wp\/v2\/posts\/4757\/revisions"}],"wp:featuredmedia":[{"embeddable":true,"href":"https:\/\/tudors.academy\/es\/wp-json\/wp\/v2\/media\/4003"}],"wp:attachment":[{"href":"https:\/\/tudors.academy\/es\/wp-json\/wp\/v2\/media?parent=4757"}],"wp:term":[{"taxonomy":"category","embeddable":true,"href":"https:\/\/tudors.academy\/es\/wp-json\/wp\/v2\/categories?post=4757"},{"taxonomy":"post_tag","embeddable":true,"href":"https:\/\/tudors.academy\/es\/wp-json\/wp\/v2\/tags?post=4757"}],"curies":[{"name":"wp","href":"https:\/\/api.w.org\/{rel}","templated":true}]}}